{"id":2051,"__str__":"Requerimento n\u00ba 31 de 2019","link_detail_backend":"/materia/2051","metadata":{},"numero":31,"ano":2019,"numero_protocolo":null,"data_apresentacao":"2019-05-06","tipo_apresentacao":"E","data_publicacao":null,"numero_origem_externa":"","ano_origem_externa":null,"data_origem_externa":null,"apelido":"","dias_prazo":null,"data_fim_prazo":null,"em_tramitacao":false,"polemica":null,"objeto":"","complementar":null,"ementa":"Solicito ao Prefeito Municipal que explique o motivo de at\u00e9 hoje n\u00e3o ter sido enviado \u00e0 esta Casa projeto de Lei que disponha sobre o piso Salarial dos agentes de Combate \u00e0 Endemias.","indexacao":"","observacao":"","resultado":"","texto_original":"http://sapl.bicas.mg.leg.br/media/sapl/public/materialegislativa/2019/2051/31_diego_piso_ace.pdf","data_ultima_atualizacao":"2019-05-13T15:10:01.713990-03:00","ip":"","ultima_edicao":null,"tipo":3,"regime_tramitacao":1,"tipo_origem_externa":null,"local_origem_externa":null,"user":null,"anexadas":[],"autores":[24]}