{"id":2034,"__str__":"Requerimento n\u00ba 28 de 2019","link_detail_backend":"/materia/2034","metadata":{},"numero":28,"ano":2019,"numero_protocolo":null,"data_apresentacao":"2019-04-15","tipo_apresentacao":"E","data_publicacao":null,"numero_origem_externa":"","ano_origem_externa":null,"data_origem_externa":null,"apelido":"","dias_prazo":null,"data_fim_prazo":null,"em_tramitacao":false,"polemica":null,"objeto":"","complementar":null,"ementa":"Solicito ao Presidente da C\u00e2mara Municipal que, ouvido o plen\u00e1rio, oficie a Secretaria Municipal de Educa\u00e7\u00e3o solicitando explica\u00e7\u00f5es sobre a aquisi\u00e7\u00e3o de baterias automotivas nos anos de 2017 e 2018, justificando o motivo da aquisi\u00e7\u00e3o de baterias em quantidade superior ao n\u00famero de ve\u00edculos da pasta.","indexacao":"","observacao":"","resultado":"","texto_original":"http://sapl.bicas.mg.leg.br/media/sapl/public/materialegislativa/2019/2034/28_loro_baterias_educacao.pdf","data_ultima_atualizacao":"2019-04-22T14:07:06.754657-03:00","ip":"","ultima_edicao":null,"tipo":3,"regime_tramitacao":1,"tipo_origem_externa":null,"local_origem_externa":null,"user":null,"anexadas":[],"autores":[7]}