{"id":2015,"__str__":"Mo\u00e7\u00e3o n\u00ba 7 de 2019","link_detail_backend":"/materia/2015","metadata":{},"numero":7,"ano":2019,"numero_protocolo":null,"data_apresentacao":"2019-03-20","tipo_apresentacao":"E","data_publicacao":null,"numero_origem_externa":"","ano_origem_externa":null,"data_origem_externa":null,"apelido":"","dias_prazo":null,"data_fim_prazo":null,"em_tramitacao":false,"polemica":null,"objeto":"","complementar":null,"ementa":"Apresento a V.Exa., nos termos do art. 182 do Regimento Interno, a presente Mo\u00e7\u00e3o de Pesara ser encaminhada aos familiares do Sr. Jos\u00e9 Carlos Mayrink pela ocasi\u00e3o de seu falecimento.","indexacao":"","observacao":"","resultado":"","texto_original":"http://sapl.bicas.mg.leg.br/media/sapl/public/materialegislativa/2019/2015/moc7_-_tiago_pesar_jose_carlos_mayrink.pdf","data_ultima_atualizacao":"2019-04-12T11:45:04.724685-03:00","ip":"","ultima_edicao":null,"tipo":7,"regime_tramitacao":1,"tipo_origem_externa":null,"local_origem_externa":null,"user":null,"anexadas":[],"autores":[29]}