{"id":2012,"__str__":"Requerimento n\u00ba 23 de 2019","link_detail_backend":"/materia/2012","metadata":{},"numero":23,"ano":2019,"numero_protocolo":null,"data_apresentacao":"2019-04-08","tipo_apresentacao":"E","data_publicacao":null,"numero_origem_externa":"","ano_origem_externa":null,"data_origem_externa":null,"apelido":"","dias_prazo":null,"data_fim_prazo":null,"em_tramitacao":false,"polemica":null,"objeto":"","complementar":null,"ementa":"Solicito da Comiss\u00e3o de Finan\u00e7as, Legisla\u00e7\u00e3o e Justi\u00e7a, que marque reuni\u00e3o, ou mesmo audi\u00eancia p\u00fablica para discuss\u00e3o de implementa\u00e7\u00e3o e promo\u00e7\u00e3o da pr\u00e1tica de doa\u00e7\u00e3o de valores, para o FIA (fundo da Crian\u00e7a e adolescente) e outros fundos, que podem ser deduzidos em IRPF.\r\n        Solicito que sejam convidados todos os contabilistas de nossa cidade, as institui\u00e7\u00f5es de caridade e assistenciais, ACE, projetos sociais, dentre outros.","indexacao":"","observacao":"","resultado":"","texto_original":"http://sapl.bicas.mg.leg.br/media/sapl/public/materialegislativa/2019/2012/23_rafael_audiencia_publica.pdf","data_ultima_atualizacao":"2019-04-12T11:41:02.599538-03:00","ip":"","ultima_edicao":null,"tipo":3,"regime_tramitacao":1,"tipo_origem_externa":null,"local_origem_externa":null,"user":null,"anexadas":[],"autores":[9]}