{"id":2010,"__str__":"Indica\u00e7\u00e3o n\u00ba 106 de 2019","link_detail_backend":"/materia/2010","metadata":{},"numero":106,"ano":2019,"numero_protocolo":null,"data_apresentacao":"2019-04-08","tipo_apresentacao":"E","data_publicacao":null,"numero_origem_externa":"","ano_origem_externa":null,"data_origem_externa":null,"apelido":"","dias_prazo":null,"data_fim_prazo":null,"em_tramitacao":false,"polemica":null,"objeto":"","complementar":null,"ementa":"Pela presente indica\u00e7\u00e3o, solicito da Secretaria de Desenvolvimento e Turismo, a aquisi\u00e7\u00e3o de novas lonas para as barracas existentes da feirinha de s\u00e1bado, bem como aquisi\u00e7\u00e3o de mais barracas.\r\n\r\nSolicito ainda que seja estudada a possibilidade de disponibiliza\u00e7\u00e3o de local e dia para que os feirantes e/ou artes\u00e3os, possam expor seus produtos na parte alta de nossa cidade.","indexacao":"","observacao":"","resultado":"","texto_original":"http://sapl.bicas.mg.leg.br/media/sapl/public/materialegislativa/2019/2010/106_rafael_lona_barracas.pdf","data_ultima_atualizacao":"2019-04-12T11:36:13.243811-03:00","ip":"","ultima_edicao":null,"tipo":8,"regime_tramitacao":1,"tipo_origem_externa":null,"local_origem_externa":null,"user":null,"anexadas":[],"autores":[9]}