{"id":2001,"__str__":"Indica\u00e7\u00e3o n\u00ba 97 de 2019","link_detail_backend":"/materia/2001","metadata":{},"numero":97,"ano":2019,"numero_protocolo":null,"data_apresentacao":"2019-04-01","tipo_apresentacao":"E","data_publicacao":null,"numero_origem_externa":"","ano_origem_externa":null,"data_origem_externa":null,"apelido":"","dias_prazo":null,"data_fim_prazo":null,"em_tramitacao":false,"polemica":null,"objeto":"","complementar":null,"ementa":"Requeiro ao Executivo que seja resgatada a denomina\u00e7\u00e3o atribu\u00edda \u201cCel Luiz Marocco\u201d ao im\u00f3vel, hoje pertencente ao patrim\u00f4nio municipal, localizado no povoado de S\u00e3o Manoel onde funcionou a Escola Estadual Cel Luiz Marocco depois municipalizada.","indexacao":"","observacao":"","resultado":"","texto_original":"http://sapl.bicas.mg.leg.br/media/sapl/public/materialegislativa/2019/2001/97_denisy_lluis_marocco.pdf","data_ultima_atualizacao":"2019-04-12T11:24:14.268504-03:00","ip":"","ultima_edicao":null,"tipo":8,"regime_tramitacao":1,"tipo_origem_externa":null,"local_origem_externa":null,"user":null,"anexadas":[],"autores":[28]}