{"id":1846,"__str__":"Indica\u00e7\u00e3o n\u00ba 13 de 2019","link_detail_backend":"/materia/1846","metadata":{},"numero":13,"ano":2019,"numero_protocolo":null,"data_apresentacao":"2019-01-21","tipo_apresentacao":"E","data_publicacao":null,"numero_origem_externa":"","ano_origem_externa":null,"data_origem_externa":null,"apelido":"","dias_prazo":null,"data_fim_prazo":null,"em_tramitacao":false,"polemica":null,"objeto":"","complementar":null,"ementa":"Pela presente indica\u00e7\u00e3o, solicito da Administra\u00e7\u00e3o Municipal, atrav\u00e9s das Secretarias competentes, a instala\u00e7\u00e3o de lixeiras nas pra\u00e7as p\u00fablicas e logradouros da cidade, podendo inclusive ser de separa\u00e7\u00e3o de acordo com o objeto a ser descartado, facilitando e incentivando o trabalho de catadores para reciclagem.","indexacao":"","observacao":"","resultado":"","texto_original":"http://sapl.bicas.mg.leg.br/media/sapl/public/materialegislativa/2019/1846/13_rafael_lixeiras_pracas.pdf","data_ultima_atualizacao":"2019-01-24T16:46:59.363501-02:00","ip":"","ultima_edicao":null,"tipo":8,"regime_tramitacao":1,"tipo_origem_externa":null,"local_origem_externa":null,"user":null,"anexadas":[],"autores":[9]}