{"id":1706,"__str__":"Representa\u00e7\u00e3o n\u00ba 3 de 2018","link_detail_backend":"/materia/1706","metadata":{},"numero":3,"ano":2018,"numero_protocolo":null,"data_apresentacao":"2018-09-03","tipo_apresentacao":"","data_publicacao":null,"numero_origem_externa":"","ano_origem_externa":null,"data_origem_externa":null,"apelido":"","dias_prazo":null,"data_fim_prazo":null,"em_tramitacao":false,"polemica":null,"objeto":"","complementar":null,"ementa":"Que seja solicitado ao \u00f3rg\u00e3o competente a instala\u00e7\u00e3o de radar na BR267 no trecho do trevo do Povoado de S\u00e3o Manoel.","indexacao":"","observacao":"","resultado":"","texto_original":"http://sapl.bicas.mg.leg.br/media/sapl/public/materialegislativa/2018/1706/rep3_-_denisy_-_dnitt.docx","data_ultima_atualizacao":"2018-09-05T15:08:37.125607-03:00","ip":"","ultima_edicao":null,"tipo":15,"regime_tramitacao":1,"tipo_origem_externa":null,"local_origem_externa":null,"user":null,"anexadas":[],"autores":[28]}