{"id":1493,"__str__":"Projeto de Lei Ordin\u00e1ria n\u00ba 4 de 2018","link_detail_backend":"/materia/1493","metadata":{},"numero":4,"ano":2018,"numero_protocolo":null,"data_apresentacao":"2018-01-31","tipo_apresentacao":"","data_publicacao":null,"numero_origem_externa":"","ano_origem_externa":null,"data_origem_externa":null,"apelido":"","dias_prazo":null,"data_fim_prazo":null,"em_tramitacao":true,"polemica":null,"objeto":"","complementar":null,"ementa":"NA SEXTA-FEIRA, 16/03, OCORREU NESTA CASA LEGISLATIVA A CERIM\u00d4NIA DE LAN\u00c7AMENTO DO PARLAMENTO JOVEM MINAS &#8211; BICAS.  NESTE ANO, EM QUE O PROJETO COMEMORA 15 ANOS, O TEMA DESENVOLVIDO JUNTO AOS ESTUDANTES DO ENSINO M\u00c9DIO \u00c9 \"VIOL\u00caNCIA CONTRA A MULHER\". NA OCASI\u00c3O, OS JOVENS FORAM APRESENTADOS E PUDERAM FALAR SOBRE SUAS EXPECTATIVAS COM O PARLAMENTO JOVEM.\r\nAT\u00c9 O MOMENTO, 16 PARLAMENTARES BIQUENSES SER\u00c3O PREPARADOS PARA FORMULAR, DEBATER, VOTAR E ELEGER SUGEST\u00d5ES DE A\u00c7\u00d5ES PARA O PODER P\u00daBLICO SOBRE O TEMA E QUE PODEM GERAR ENCAMINHAMENTOS, VIRAR PROJETOS DE LEI OU POL\u00cdTICAS P\u00daBLICAS.\r\n A CERIM\u00d4NIA CONTOU COM A PRESEN\u00c7A DOS PARLAMENTARES E SEUS FAMILIARES, DOS VEREADORES E PREFEITO MUNICIPAL, AUTORIDADES DO MUNIC\u00cdPIO,PARLAMENTARES E VEREADOR DA CIDADE DE OLARIA, AL\u00c9M DOS MONITORES QUE ACOMPANHAR\u00c3O OS JOVENS DURANTE TODO O PROJETO COM A REALIZA\u00c7\u00c3O DE OFICINAS PERTINENTES AOS TEMAS.","indexacao":"","observacao":"","resultado":"","texto_original":null,"data_ultima_atualizacao":"2018-07-26T11:55:25.411461-03:00","ip":"","ultima_edicao":null,"tipo":1,"regime_tramitacao":1,"tipo_origem_externa":null,"local_origem_externa":null,"user":null,"anexadas":[],"autores":[]}