{"id":1323,"__str__":"Mo\u00e7\u00e3o n\u00ba 41 de 2017","link_detail_backend":"/materia/1323","metadata":{},"numero":41,"ano":2017,"numero_protocolo":null,"data_apresentacao":"2017-09-18","tipo_apresentacao":"","data_publicacao":null,"numero_origem_externa":"","ano_origem_externa":null,"data_origem_externa":null,"apelido":"","dias_prazo":null,"data_fim_prazo":null,"em_tramitacao":true,"polemica":null,"objeto":"","complementar":null,"ementa":"A VEREADORA QUE A ESTA SUBSCREVE, REQUER QUE AP\u00d3S A TRAMITA\u00c7\u00c3O REGIMENTAL, SEJA ENCAMINHADA A MAT\u00c9RIA EM EP\u00cdGRAFE E A SEGUIR DISCRIMINADA:\r\nSOLICITO O ENCAMINHAMENTO DE MO\u00c7\u00c3O DE APLAUSOS AO ESCRITOR SEBASTI\u00c3O AGRIPINO TEIXEIRA, METAL\u00daRGICO APOSENTADO, NASCIDO NA RUA DO BREJO EM BICAS, PELO LIVRO &#8220;BICAS; UM CAUSO \u00c0 PARTE&#8221;.\r\n","indexacao":"","observacao":"","resultado":"","texto_original":"http://sapl.bicas.mg.leg.br/media/sapl/public/materialegislativa/2017/1323/1323_texto_integral.tiff","data_ultima_atualizacao":"2018-07-26T11:55:32.125938-03:00","ip":"","ultima_edicao":null,"tipo":7,"regime_tramitacao":1,"tipo_origem_externa":null,"local_origem_externa":null,"user":null,"anexadas":[],"autores":[28,9]}